{"id":2869,"date":"2024-10-08T14:55:23","date_gmt":"2024-10-08T17:55:23","guid":{"rendered":"https:\/\/www.yampi.com.br\/blog\/?p=2869"},"modified":"2025-08-11T15:45:55","modified_gmt":"2025-08-11T18:45:55","slug":"feira-do-empreendedor-sebrae-2024","status":"publish","type":"post","link":"https:\/\/www.yampi.com.br\/blog\/feira-do-empreendedor-sebrae-2024\/","title":{"rendered":"Feira do Empreendedor Sebrae 2024: confira participa\u00e7\u00e3o da Yampi no evento"},"content":{"rendered":"\n<blockquote class=\"wp-block-quote is-layout-flow wp-block-quote-is-layout-flow\">\n<p><strong>A Feira do Empreendedor \u00e9 um evento anual realizado pelo Sebrae e voltado para quem quer ter o pr\u00f3prio neg\u00f3cio. A Yampi, plataforma de e-commerce, estreia na edi\u00e7\u00e3o 2024 com solu\u00e7\u00f5es para quem deseja ter um neg\u00f3cio digital.\u00a0<br><\/strong><\/p>\n<\/blockquote>\n\n\n\n<p>Quer empreender e n\u00e3o sabe por onde come\u00e7ar? A Feira do Empreendedor 2024 do Sebrae \u00e9 uma boa pedida!<\/p>\n\n\n\n<p>Na edi\u00e7\u00e3o deste ano, a Yampi marca presen\u00e7a e leva suas solu\u00e7\u00f5es exclusivas para os visitantes do evento gratuito, que poder\u00e3o conferir de perto como criar a pr\u00f3pria loja virtual e assistir palestras in\u00e9ditas.&nbsp;<\/p>\n\n\n\n<p>Quer saber tudo o que vai rolar no evento? Continue a leitura \ud83d\udc47<\/p>\n\n\n\n<div id=\"ez-toc-container\" class=\"ez-toc-v2_0_73 counter-hierarchy ez-toc-counter ez-toc-grey ez-toc-container-direction\">\n<div class=\"ez-toc-title-container\">\n<span class=\"ez-toc-title-toggle\"><\/span><\/div>\n<nav><ul class='ez-toc-list ez-toc-list-level-1 ' ><li class='ez-toc-page-1 ez-toc-heading-level-2'><a class=\"ez-toc-link ez-toc-heading-1\" href=\"https:\/\/www.yampi.com.br\/blog\/feira-do-empreendedor-sebrae-2024\/#O_que_e_a_Feira_do_Empreendedor_Sebrae\" title=\"O que \u00e9 a Feira do Empreendedor Sebrae?\">O que \u00e9 a Feira do Empreendedor Sebrae?<\/a><\/li><li class='ez-toc-page-1 ez-toc-heading-level-2'><a class=\"ez-toc-link ez-toc-heading-2\" href=\"https:\/\/www.yampi.com.br\/blog\/feira-do-empreendedor-sebrae-2024\/#Quando_e_a_Feira_do_Empreendedor_Sebrae_2024\" title=\"Quando \u00e9 a Feira do Empreendedor Sebrae 2024?&nbsp;\">Quando \u00e9 a Feira do Empreendedor Sebrae 2024?&nbsp;<\/a><\/li><li class='ez-toc-page-1 ez-toc-heading-level-2'><a class=\"ez-toc-link ez-toc-heading-3\" href=\"https:\/\/www.yampi.com.br\/blog\/feira-do-empreendedor-sebrae-2024\/#Confira_a_programacao_da_FE24\" title=\"Confira a programa\u00e7\u00e3o da FE24\">Confira a programa\u00e7\u00e3o da FE24<\/a><\/li><li class='ez-toc-page-1 ez-toc-heading-level-2'><a class=\"ez-toc-link ez-toc-heading-4\" href=\"https:\/\/www.yampi.com.br\/blog\/feira-do-empreendedor-sebrae-2024\/#A_Yampi_na_Feira_do_Empreendedor_2024\" title=\"A Yampi na Feira do Empreendedor 2024\">A Yampi na Feira do Empreendedor 2024<\/a><\/li><\/ul><\/nav><\/div>\n\n\n\n\n<h2 class=\"wp-block-heading\"><span class=\"ez-toc-section\" id=\"O_que_e_a_Feira_do_Empreendedor_Sebrae\"><\/span>O que \u00e9 a Feira do Empreendedor Sebrae?<span class=\"ez-toc-section-end\"><\/span><\/h2>\n\n\n\n<p>A <a href=\"https:\/\/feiradoempreendedor.sebraesp.com.br\/\" target=\"_blank\" rel=\"noreferrer noopener\">Feira do Empreendedor<\/a> \u00e9 um evento anual organizado pelo Sebrae (Servi\u00e7o Brasileiro de Apoio \u00e0s Micro e Pequenas Empresas), focado em incentivar o empreendedorismo no Brasil.\u00a0<\/p>\n\n\n\n<p>O evento \u00e9 voltado para quem quer iniciar um neg\u00f3cio ou expandir sua empresa e oferece palestras, workshops, exposi\u00e7\u00f5es de solu\u00e7\u00f5es e oportunidades de <em>networking<\/em>. Em 2023, a Feira do Empreendedor reuniu mais de 1.300 expositores e teve um p\u00fablico de mais de 116 mil pessoas durante os quatro dias de evento.&nbsp;<\/p>\n\n\n\n<h2 class=\"wp-block-heading\"><span class=\"ez-toc-section\" id=\"Quando_e_a_Feira_do_Empreendedor_Sebrae_2024\"><\/span>Quando \u00e9 a Feira do Empreendedor Sebrae 2024?&nbsp;<span class=\"ez-toc-section-end\"><\/span><\/h2>\n\n\n\n<p>A edi\u00e7\u00e3o de 2024 acontece de <strong>11 a 14 de outubro<\/strong>, das 10h \u00e0s 20h, e \u00e9 gratuita, reunindo empreendedores, especialistas e fornecedores para compartilhar conhecimentos e experi\u00eancias sobre inova\u00e7\u00e3o, mercado e estrat\u00e9gias empresariais.<\/p>\n\n\n\n<p>Este ano, o evento acontece no <strong>S\u00e3o Paulo Expo<\/strong>, e tem como tema central \u201cCriando Conex\u00f5es\u201d. Al\u00e9m disso, est\u00e1 dividido em seis eixos principais: Inova\u00e7\u00e3o e Tecnologia, Comece o seu Neg\u00f3cio, Comportamento Empreendedor, Gerencie o seu Dinheiro, Marketing e Vendas, ESG Impacto Social e Ambiental! Continue a leitura para conferir a programa\u00e7\u00e3o completa.<\/p>\n\n\n\n<h3 class=\"wp-block-heading\">Como participar da Feira do Empreendedor Sebrae 2024<\/h3>\n\n\n\n<p>A participa\u00e7\u00e3o na Feira do Empreendedor do Sebrae 2024 \u00e9 gratuita, mas \u00e9 preciso fazer a inscri\u00e7\u00e3o com anteced\u00eancia. Para se inscrever, acesse o <a href=\"https:\/\/inscricaofeiradoempreendedor.sebraesp.com.br\/\" target=\"_blank\" rel=\"noreferrer noopener\">site oficial<\/a>.\u00a0<\/p>\n\n\n\n<h2 class=\"wp-block-heading\"><span class=\"ez-toc-section\" id=\"Confira_a_programacao_da_FE24\"><\/span>Confira a programa\u00e7\u00e3o da FE24<span class=\"ez-toc-section-end\"><\/span><\/h2>\n\n\n\n<p>A Feira do Empreendedor 2024 traz uma programa\u00e7\u00e3o diversificada, distribu\u00edda em v\u00e1rias arenas tem\u00e1ticas e atividades ao longo dos quatro dias:<\/p>\n\n\n\n<h3 class=\"wp-block-heading\">Principais Atra\u00e7\u00f5es:<\/h3>\n\n\n\n<ol class=\"wp-block-list\">\n<li><strong>Arena do Conhecimento<\/strong>: Palestras e talk-shows sobre gest\u00e3o financeira, lucro, e perspectivas econ\u00f4micas.<\/li>\n\n\n\n<li><strong>Arena de Marketing, Vendas e Neg\u00f3cios Digitais<\/strong>: Discuss\u00f5es sobre acessibilidade, inclus\u00e3o e estrat\u00e9gias de marketing digital.<\/li>\n\n\n\n<li><strong>Arena de Franquias<\/strong>: Palestras, talk-shows e rodadas de neg\u00f3cios focados no <em>franchising<\/em>.<\/li>\n\n\n\n<li><strong>Arena de Neg\u00f3cios Sustent\u00e1veis<\/strong>: Conte\u00fados sobre pr\u00e1ticas sustent\u00e1veis e modelos de neg\u00f3cios com impacto social positivo.<\/li>\n\n\n\n<li><strong>Sebrae <\/strong><strong><em>for Startups<\/em><\/strong>: <em>Pitches<\/em>, mentorias e pain\u00e9is para startups.<\/li>\n\n\n\n<li><strong>Arena Sebrae Delas<\/strong>: Espa\u00e7o dedicado ao empreendedorismo feminino, com discuss\u00f5es e cases de sucesso.<\/li>\n\n\n\n<li><strong>A Saga do Empreendedor<\/strong>: Experi\u00eancia interativa que simula desafios e decis\u00f5es empreendedoras.<\/li>\n<\/ol>\n\n\n\n<p>Al\u00e9m das arenas, haver\u00e1 o <strong>Espa\u00e7o Sebrae Aqui<\/strong>, <strong>Cidade Empreendedora<\/strong>, e atividades do <strong>Comit\u00ea Paral\u00edmpico<\/strong> e <strong>CRIE Sebrae<\/strong>, voltado para a economia criativa, com palestras e apresenta\u00e7\u00f5es culturais\u200b.<\/p>\n\n\n\n<h2 class=\"wp-block-heading\"><span class=\"ez-toc-section\" id=\"A_Yampi_na_Feira_do_Empreendedor_2024\"><\/span>A Yampi na Feira do Empreendedor 2024<span class=\"ez-toc-section-end\"><\/span><\/h2>\n\n\n\n<p>A <a href=\"https:\/\/www.yampi.com.br\/?utm_source=blog&amp;utm_medium=organico&amp;utm_campaign=&amp;utm_content=feira-empreendedor-sebrae&amp;utm_term=\" target=\"_blank\" rel=\"noreferrer noopener\"><strong>Yampi <\/strong><\/a>far\u00e1 sua estreia na Feira do Empreendedor 2024 com um estande interativo e uma programa\u00e7\u00e3o de palestras exclusivas. Os visitantes podem encontrar a empresa na<strong> Rua B &#8211; Principal, em frente \u00e0 se\u00e7\u00e3o de Marketing e Vendas<\/strong>.\u00a0<\/p>\n\n\n\n<p>Quem passar por l\u00e1, vai descobrir como transformar suas ideias em neg\u00f3cios online de sucesso. A Yampi vai oferecer conte\u00fados desde a cria\u00e7\u00e3o de lojas virtuais at\u00e9 t\u00e9cnicas de marketing digital e produ\u00e7\u00e3o de conte\u00fado visual. Confira a programa\u00e7\u00e3o:<\/p>\n\n\n\n<h4 class=\"wp-block-heading\">Sexta-feira 11\/10\/2024<\/h4>\n\n\n\n<p><strong>13h<\/strong> &#8211; Checklist para iniciar suas vendas online, com Alexandre Fumes, CTO da Yampi<\/p>\n\n\n\n<p><strong>14h<\/strong> &#8211; Oficina: Como criar uma loja virtual do zero, com Jean Hernandez, Head de Design da Yampi<\/p>\n\n\n\n<p><strong>15h<\/strong> &#8211; O poder das parcerias estrat\u00e9gicas: li\u00e7\u00f5es de sucesso global para o empreendedor brasileiro, com Lucas Pascoal, Head de Parcerias da Yampi<\/p>\n\n\n\n<p><strong>16h<\/strong> &#8211; T\u00e9cnicas para ter v\u00eddeos e fotos profissionais usando o seu celular, com\u00a0Fill Rocha, Especialista em produ\u00e7\u00e3o audiovisual<\/p>\n\n\n\n<h4 class=\"wp-block-heading\">S\u00e1bado 12\/10\/2024:<\/h4>\n\n\n\n<p><strong>11h &#8211;<\/strong> Liberdade financeira atrav\u00e9s de vendas online sem estoque, com Vagner Silva, especialista em Dropshipping<\/p>\n\n\n\n<p><strong>13h<\/strong> &#8211; Como escalar sua marca pr\u00f3pria no digital? Aprenda com o case de sucesso da Denavita, com Dom Barros, Fundador da Denavita<\/p>\n\n\n\n<p><strong>14h<\/strong> &#8211; Oficina: Como criar uma loja virtual do zero, com Jean Hernandez, Head de Design da Yampi<\/p>\n\n\n\n<p><strong>15h<\/strong> &#8211; Como podemos vencer os desafios do Empreendedorismo Feminino no Brasil?, com Lueva Boss, influencer, empreendedora e especialista em Marketing e Vendas.<\/p>\n\n\n\n<p><strong>16h<\/strong> &#8211; T\u00e9cnicas para ter v\u00eddeos e fotos profissionais usando o seu celular, com\u00a0Fill Rocha, Especialista em produ\u00e7\u00e3o audiovisual<\/p>\n\n\n\n<p><strong>17h<\/strong> &#8211; O poder das parcerias estrat\u00e9gicas: li\u00e7\u00f5es de sucesso global para o empreendedor brasileiro, com Lucas Pascoal, Head de Parcerias da Yampi<\/p>\n\n\n\n<p><strong>18h<\/strong> &#8211; Lucro em cada clique: O impacto financeiro de ter um neg\u00f3cio digital, com Felipe Santana, CEO da Dash Otimiza<\/p>\n\n\n\n<h4 class=\"wp-block-heading\">Domingo 13\/10\/2024:<\/h4>\n\n\n\n<p><strong>11h<\/strong> &#8211; Lucro em cada clique: O impacto financeiro de ter um neg\u00f3cio digital, com Felipe Santana, CEO da Dash Otimiza<\/p>\n\n\n\n<p><strong>13h<\/strong> &#8211; Oficina: Como criar uma loja virtual do zero, com Jean Hernandez, Head de Design da Yampi<\/p>\n\n\n\n<p><strong>14h<\/strong> &#8211; Como podemos vencer os desafios do Empreendedorismo Feminino no Brasil?, com Lueva Boss, influencer, empreendedora e especialista em Marketing e Vendas.<\/p>\n\n\n\n<p><strong>15h<\/strong> &#8211; Como escalar sua marca pr\u00f3pria no digital? Aprenda com o case de sucesso da Denavita, com Dom Barros, Fundador da Denavita<\/p>\n\n\n\n<p><strong>16h<\/strong> &#8211; T\u00e9cnicas para ter v\u00eddeos e fotos profissionais usando o seu celular, com\u00a0Fill Rocha, Especialista em produ\u00e7\u00e3o audiovisual<\/p>\n\n\n\n<p><strong>17h<\/strong> &#8211; O poder das parcerias estrat\u00e9gicas: li\u00e7\u00f5es de sucesso global para o empreendedor brasileiro, com Lucas Pascoal, Head de Parcerias da Yampi<\/p>\n\n\n\n<p><strong>18h &#8211;<\/strong> Liberdade financeira atrav\u00e9s de vendas online sem estoque, com Vagner Silva, especialista em Dropshipping<\/p>\n\n\n\n<h4 class=\"wp-block-heading\">Segunda-feira 14\/10\/2024:<\/h4>\n\n\n\n<p><strong>13h<\/strong> &#8211; Checklist para iniciar suas vendas online, com Alexandre Fumes, CTO da Yampi<\/p>\n\n\n\n<p><strong>14h<\/strong> &#8211; Oficina: Como criar uma loja virtual do zero, com Jean Hernandez, Head de Design da Yampi<\/p>\n\n\n\n<p><strong>15h<\/strong> &#8211; O poder das parcerias estrat\u00e9gicas: li\u00e7\u00f5es de sucesso global para o empreendedor brasileiro, com Lucas Pascoal, Head de Parcerias da Yampi<\/p>\n\n\n\n<p>Durante o evento, a equipe da Yampi estar\u00e1 dispon\u00edvel para tirar d\u00favidas, realizar demonstra\u00e7\u00f5es ao vivo e mostrar as funcionalidades da plataforma.<\/p>\n\n\n\n<p>\u201cO evento \u00e9 uma oportunidade para se conectar com novos empreendedores e demonstrar que a Yampi \u00e9 um parceiro estrat\u00e9gico para quem deseja vender online com efici\u00eancia e seguran\u00e7a\u201d, destaca Lucas Colette, CEO e fundador da Yampi.<\/p>\n\n\n\n<p><a href=\"https:\/\/inscricaofeiradoempreendedor.sebraesp.com.br\/\" target=\"_blank\" rel=\"noreferrer noopener\">Se inscreva gratuitamente<\/a> na Feira do Empreendedor Sebrae 2024 e visite o estande da Yampi.\u00a0<\/p>\n\n\n\n<figure class=\"wp-block-image size-large\"><img decoding=\"async\" width=\"1024\" height=\"198\" src=\"https:\/\/www.yampi.com.br\/blog\/wp-content\/uploads\/2023\/01\/Banner-30-2-1024x198.png\" alt=\"Assinatura Marina Montenegro\" class=\"wp-image-624\" srcset=\"https:\/\/www.yampi.com.br\/blog\/wp-content\/uploads\/2023\/01\/Banner-30-2-1024x198.png 1024w, https:\/\/www.yampi.com.br\/blog\/wp-content\/uploads\/2023\/01\/Banner-30-2-300x58.png 300w, https:\/\/www.yampi.com.br\/blog\/wp-content\/uploads\/2023\/01\/Banner-30-2-768x148.png 768w, https:\/\/www.yampi.com.br\/blog\/wp-content\/uploads\/2023\/01\/Banner-30-2.png 1200w\" sizes=\"(max-width: 1024px) 100vw, 1024px\" \/><\/figure>\n","protected":false},"excerpt":{"rendered":"<p>A Feira do Empreendedor \u00e9 um evento anual realizado pelo Sebrae e voltado para quem quer ter o pr\u00f3prio neg\u00f3cio. A Yampi, plataforma de e-commerce, estreia na edi\u00e7\u00e3o 2024 com solu\u00e7\u00f5es para quem deseja ter um neg\u00f3cio digital.\u00a0 Quer empreender e n\u00e3o sabe por onde come\u00e7ar? A Feira do Empreendedor 2024 do Sebrae \u00e9 uma [&hellip;]<\/p>\n","protected":false},"author":11,"featured_media":3865,"comment_status":"open","ping_status":"closed","sticky":false,"template":"","format":"standard","meta":{"_acf_changed":false,"inline_featured_image":false,"footnotes":""},"categories":[80,93,87],"tags":[51],"class_list":["post-2869","post","type-post","status-publish","format-standard","has-post-thumbnail","hentry","category-eventos","category-noticias","category-yampi-e-commerce","tag-eventos"],"acf":[],"yoast_head":"<!-- This site is optimized with the Yoast SEO plugin v25.0 - https:\/\/yoast.com\/wordpress\/plugins\/seo\/ -->\n<title>Feira do Empreendedor Sebrae 2024: conhe\u00e7a programa\u00e7\u00e3o<\/title>\n<meta name=\"description\" content=\"A Feira do Empreendedor Sebrae 2024 acontece e 11 a 14 de outubro no S\u00e3o Paulo Expo. Confira programa\u00e7\u00e3o e participa\u00e7\u00e3o da Yampi no evento!\" \/>\n<meta name=\"robots\" content=\"index, follow, max-snippet:-1, max-image-preview:large, max-video-preview:-1\" \/>\n<link rel=\"canonical\" href=\"https:\/\/www.yampi.com.br\/blog\/feira-do-empreendedor-sebrae-2024\/\" \/>\n<meta property=\"og:locale\" content=\"pt_BR\" \/>\n<meta property=\"og:type\" content=\"article\" \/>\n<meta property=\"og:title\" content=\"Feira do Empreendedor Sebrae 2024: conhe\u00e7a programa\u00e7\u00e3o\" \/>\n<meta property=\"og:description\" content=\"A Feira do Empreendedor Sebrae 2024 acontece e 11 a 14 de outubro no S\u00e3o Paulo Expo. Confira programa\u00e7\u00e3o e participa\u00e7\u00e3o da Yampi no evento!\" \/>\n<meta property=\"og:url\" content=\"https:\/\/www.yampi.com.br\/blog\/feira-do-empreendedor-sebrae-2024\/\" \/>\n<meta property=\"og:site_name\" content=\"Blog da Yampi\" \/>\n<meta property=\"article:publisher\" content=\"https:\/\/www.facebook.com\/somosyampi\" \/>\n<meta property=\"article:published_time\" content=\"2024-10-08T17:55:23+00:00\" \/>\n<meta property=\"article:modified_time\" content=\"2025-08-11T18:45:55+00:00\" \/>\n<meta property=\"og:image\" content=\"https:\/\/www.yampi.com.br\/blog\/wp-content\/uploads\/2024\/10\/Feira-do-Empreendedor-2024.png\" \/>\n\t<meta property=\"og:image:width\" content=\"920\" \/>\n\t<meta property=\"og:image:height\" content=\"480\" \/>\n\t<meta property=\"og:image:type\" content=\"image\/png\" \/>\n<meta name=\"author\" content=\"Marina Montenegro\" \/>\n<meta name=\"twitter:card\" content=\"summary_large_image\" \/>\n<meta name=\"twitter:label1\" content=\"Written by\" \/>\n\t<meta name=\"twitter:data1\" content=\"Marina Montenegro\" \/>\n\t<meta name=\"twitter:label2\" content=\"Est. reading time\" \/>\n\t<meta name=\"twitter:data2\" content=\"6 minutos\" \/>\n<script type=\"application\/ld+json\" class=\"yoast-schema-graph\">{\"@context\":\"https:\/\/schema.org\",\"@graph\":[{\"@type\":\"Article\",\"@id\":\"https:\/\/www.yampi.com.br\/blog\/feira-do-empreendedor-sebrae-2024\/#article\",\"isPartOf\":{\"@id\":\"https:\/\/www.yampi.com.br\/blog\/feira-do-empreendedor-sebrae-2024\/\"},\"author\":{\"name\":\"Marina Montenegro\",\"@id\":\"https:\/\/www.yampi.com.br\/blog\/#\/schema\/person\/12aea21d8fe01130d4f12218dabcd930\"},\"headline\":\"Feira do Empreendedor Sebrae 2024: confira participa\u00e7\u00e3o da Yampi no evento\",\"datePublished\":\"2024-10-08T17:55:23+00:00\",\"dateModified\":\"2025-08-11T18:45:55+00:00\",\"mainEntityOfPage\":{\"@id\":\"https:\/\/www.yampi.com.br\/blog\/feira-do-empreendedor-sebrae-2024\/\"},\"wordCount\":1134,\"commentCount\":0,\"publisher\":{\"@id\":\"https:\/\/www.yampi.com.br\/blog\/#organization\"},\"image\":{\"@id\":\"https:\/\/www.yampi.com.br\/blog\/feira-do-empreendedor-sebrae-2024\/#primaryimage\"},\"thumbnailUrl\":\"https:\/\/www.yampi.com.br\/blog\/wp-content\/uploads\/2024\/10\/Feira-do-Empreendedor-2024.png\",\"keywords\":[\"Eventos\"],\"articleSection\":[\"Eventos\",\"Not\u00edcias\",\"Yampi\"],\"inLanguage\":\"pt-BR\",\"potentialAction\":[{\"@type\":\"CommentAction\",\"name\":\"Comment\",\"target\":[\"https:\/\/www.yampi.com.br\/blog\/feira-do-empreendedor-sebrae-2024\/#respond\"]}]},{\"@type\":\"WebPage\",\"@id\":\"https:\/\/www.yampi.com.br\/blog\/feira-do-empreendedor-sebrae-2024\/\",\"url\":\"https:\/\/www.yampi.com.br\/blog\/feira-do-empreendedor-sebrae-2024\/\",\"name\":\"Feira do Empreendedor Sebrae 2024: conhe\u00e7a programa\u00e7\u00e3o\",\"isPartOf\":{\"@id\":\"https:\/\/www.yampi.com.br\/blog\/#website\"},\"primaryImageOfPage\":{\"@id\":\"https:\/\/www.yampi.com.br\/blog\/feira-do-empreendedor-sebrae-2024\/#primaryimage\"},\"image\":{\"@id\":\"https:\/\/www.yampi.com.br\/blog\/feira-do-empreendedor-sebrae-2024\/#primaryimage\"},\"thumbnailUrl\":\"https:\/\/www.yampi.com.br\/blog\/wp-content\/uploads\/2024\/10\/Feira-do-Empreendedor-2024.png\",\"datePublished\":\"2024-10-08T17:55:23+00:00\",\"dateModified\":\"2025-08-11T18:45:55+00:00\",\"description\":\"A Feira do Empreendedor Sebrae 2024 acontece e 11 a 14 de outubro no S\u00e3o Paulo Expo. Confira programa\u00e7\u00e3o e participa\u00e7\u00e3o da Yampi no evento!\",\"breadcrumb\":{\"@id\":\"https:\/\/www.yampi.com.br\/blog\/feira-do-empreendedor-sebrae-2024\/#breadcrumb\"},\"inLanguage\":\"pt-BR\",\"potentialAction\":[{\"@type\":\"ReadAction\",\"target\":[\"https:\/\/www.yampi.com.br\/blog\/feira-do-empreendedor-sebrae-2024\/\"]}]},{\"@type\":\"ImageObject\",\"inLanguage\":\"pt-BR\",\"@id\":\"https:\/\/www.yampi.com.br\/blog\/feira-do-empreendedor-sebrae-2024\/#primaryimage\",\"url\":\"https:\/\/www.yampi.com.br\/blog\/wp-content\/uploads\/2024\/10\/Feira-do-Empreendedor-2024.png\",\"contentUrl\":\"https:\/\/www.yampi.com.br\/blog\/wp-content\/uploads\/2024\/10\/Feira-do-Empreendedor-2024.png\",\"width\":920,\"height\":480,\"caption\":\"Feira do Empreendedor 2024\"},{\"@type\":\"BreadcrumbList\",\"@id\":\"https:\/\/www.yampi.com.br\/blog\/feira-do-empreendedor-sebrae-2024\/#breadcrumb\",\"itemListElement\":[{\"@type\":\"ListItem\",\"position\":1,\"name\":\"Blog\",\"item\":\"https:\/\/www.yampi.com.br\/blog\/\"},{\"@type\":\"ListItem\",\"position\":2,\"name\":\"Marketing digital\",\"item\":\"https:\/\/www.yampi.com.br\/blog\/category\/marketing-digital\/\"},{\"@type\":\"ListItem\",\"position\":3,\"name\":\"Eventos\",\"item\":\"https:\/\/www.yampi.com.br\/blog\/category\/marketing-digital\/eventos\/\"},{\"@type\":\"ListItem\",\"position\":4,\"name\":\"Feira do Empreendedor Sebrae 2024: confira participa\u00e7\u00e3o da Yampi no evento\"}]},{\"@type\":\"WebSite\",\"@id\":\"https:\/\/www.yampi.com.br\/blog\/#website\",\"url\":\"https:\/\/www.yampi.com.br\/blog\/\",\"name\":\"Blog da Yampi\",\"description\":\"Conte\u00fado sobre e-commerce\",\"publisher\":{\"@id\":\"https:\/\/www.yampi.com.br\/blog\/#organization\"},\"potentialAction\":[{\"@type\":\"SearchAction\",\"target\":{\"@type\":\"EntryPoint\",\"urlTemplate\":\"https:\/\/www.yampi.com.br\/blog\/?s={search_term_string}\"},\"query-input\":{\"@type\":\"PropertyValueSpecification\",\"valueRequired\":true,\"valueName\":\"search_term_string\"}}],\"inLanguage\":\"pt-BR\"},{\"@type\":\"Organization\",\"@id\":\"https:\/\/www.yampi.com.br\/blog\/#organization\",\"name\":\"Yampi\",\"url\":\"https:\/\/www.yampi.com.br\/blog\/\",\"logo\":{\"@type\":\"ImageObject\",\"inLanguage\":\"pt-BR\",\"@id\":\"https:\/\/www.yampi.com.br\/blog\/#\/schema\/logo\/image\/\",\"url\":\"https:\/\/www.yampi.com.br\/blog\/wp-content\/uploads\/2022\/06\/cropped-favicon.png\",\"contentUrl\":\"https:\/\/www.yampi.com.br\/blog\/wp-content\/uploads\/2022\/06\/cropped-favicon.png\",\"width\":512,\"height\":512,\"caption\":\"Yampi\"},\"image\":{\"@id\":\"https:\/\/www.yampi.com.br\/blog\/#\/schema\/logo\/image\/\"},\"sameAs\":[\"https:\/\/www.facebook.com\/somosyampi\",\"https:\/\/www.instagram.com\/somosyampi\",\"https:\/\/www.linkedin.com\/company\/somosyampi\",\"https:\/\/www.youtube.com\/channel\/UCDfDYNkud7PL9N2TDnD4Mtg\",\"https:\/\/yampi.gupy.io\/\"]},{\"@type\":\"Person\",\"@id\":\"https:\/\/www.yampi.com.br\/blog\/#\/schema\/person\/12aea21d8fe01130d4f12218dabcd930\",\"name\":\"Marina Montenegro\",\"image\":{\"@type\":\"ImageObject\",\"inLanguage\":\"pt-BR\",\"@id\":\"https:\/\/www.yampi.com.br\/blog\/#\/schema\/person\/image\/\",\"url\":\"https:\/\/secure.gravatar.com\/avatar\/71d8bdd8edd2eb6b18670a6cd99e337aaeef5879924a4ac7be7f401826479eb1?s=96&d=mm&r=g\",\"contentUrl\":\"https:\/\/secure.gravatar.com\/avatar\/71d8bdd8edd2eb6b18670a6cd99e337aaeef5879924a4ac7be7f401826479eb1?s=96&d=mm&r=g\",\"caption\":\"Marina Montenegro\"},\"url\":\"https:\/\/www.yampi.com.br\/blog\/author\/marina\/\"}]}<\/script>\n<!-- \/ Yoast SEO plugin. -->","yoast_head_json":{"title":"Feira do Empreendedor Sebrae 2024: conhe\u00e7a programa\u00e7\u00e3o","description":"A Feira do Empreendedor Sebrae 2024 acontece e 11 a 14 de outubro no S\u00e3o Paulo Expo. Confira programa\u00e7\u00e3o e participa\u00e7\u00e3o da Yampi no evento!","robots":{"index":"index","follow":"follow","max-snippet":"max-snippet:-1","max-image-preview":"max-image-preview:large","max-video-preview":"max-video-preview:-1"},"canonical":"https:\/\/www.yampi.com.br\/blog\/feira-do-empreendedor-sebrae-2024\/","og_locale":"pt_BR","og_type":"article","og_title":"Feira do Empreendedor Sebrae 2024: conhe\u00e7a programa\u00e7\u00e3o","og_description":"A Feira do Empreendedor Sebrae 2024 acontece e 11 a 14 de outubro no S\u00e3o Paulo Expo. Confira programa\u00e7\u00e3o e participa\u00e7\u00e3o da Yampi no evento!","og_url":"https:\/\/www.yampi.com.br\/blog\/feira-do-empreendedor-sebrae-2024\/","og_site_name":"Blog da Yampi","article_publisher":"https:\/\/www.facebook.com\/somosyampi","article_published_time":"2024-10-08T17:55:23+00:00","article_modified_time":"2025-08-11T18:45:55+00:00","og_image":[{"width":920,"height":480,"url":"https:\/\/www.yampi.com.br\/blog\/wp-content\/uploads\/2024\/10\/Feira-do-Empreendedor-2024.png","type":"image\/png"}],"author":"Marina Montenegro","twitter_card":"summary_large_image","twitter_misc":{"Written by":"Marina Montenegro","Est. reading time":"6 minutos"},"schema":{"@context":"https:\/\/schema.org","@graph":[{"@type":"Article","@id":"https:\/\/www.yampi.com.br\/blog\/feira-do-empreendedor-sebrae-2024\/#article","isPartOf":{"@id":"https:\/\/www.yampi.com.br\/blog\/feira-do-empreendedor-sebrae-2024\/"},"author":{"name":"Marina Montenegro","@id":"https:\/\/www.yampi.com.br\/blog\/#\/schema\/person\/12aea21d8fe01130d4f12218dabcd930"},"headline":"Feira do Empreendedor Sebrae 2024: confira participa\u00e7\u00e3o da Yampi no evento","datePublished":"2024-10-08T17:55:23+00:00","dateModified":"2025-08-11T18:45:55+00:00","mainEntityOfPage":{"@id":"https:\/\/www.yampi.com.br\/blog\/feira-do-empreendedor-sebrae-2024\/"},"wordCount":1134,"commentCount":0,"publisher":{"@id":"https:\/\/www.yampi.com.br\/blog\/#organization"},"image":{"@id":"https:\/\/www.yampi.com.br\/blog\/feira-do-empreendedor-sebrae-2024\/#primaryimage"},"thumbnailUrl":"https:\/\/www.yampi.com.br\/blog\/wp-content\/uploads\/2024\/10\/Feira-do-Empreendedor-2024.png","keywords":["Eventos"],"articleSection":["Eventos","Not\u00edcias","Yampi"],"inLanguage":"pt-BR","potentialAction":[{"@type":"CommentAction","name":"Comment","target":["https:\/\/www.yampi.com.br\/blog\/feira-do-empreendedor-sebrae-2024\/#respond"]}]},{"@type":"WebPage","@id":"https:\/\/www.yampi.com.br\/blog\/feira-do-empreendedor-sebrae-2024\/","url":"https:\/\/www.yampi.com.br\/blog\/feira-do-empreendedor-sebrae-2024\/","name":"Feira do Empreendedor Sebrae 2024: conhe\u00e7a programa\u00e7\u00e3o","isPartOf":{"@id":"https:\/\/www.yampi.com.br\/blog\/#website"},"primaryImageOfPage":{"@id":"https:\/\/www.yampi.com.br\/blog\/feira-do-empreendedor-sebrae-2024\/#primaryimage"},"image":{"@id":"https:\/\/www.yampi.com.br\/blog\/feira-do-empreendedor-sebrae-2024\/#primaryimage"},"thumbnailUrl":"https:\/\/www.yampi.com.br\/blog\/wp-content\/uploads\/2024\/10\/Feira-do-Empreendedor-2024.png","datePublished":"2024-10-08T17:55:23+00:00","dateModified":"2025-08-11T18:45:55+00:00","description":"A Feira do Empreendedor Sebrae 2024 acontece e 11 a 14 de outubro no S\u00e3o Paulo Expo. Confira programa\u00e7\u00e3o e participa\u00e7\u00e3o da Yampi no evento!","breadcrumb":{"@id":"https:\/\/www.yampi.com.br\/blog\/feira-do-empreendedor-sebrae-2024\/#breadcrumb"},"inLanguage":"pt-BR","potentialAction":[{"@type":"ReadAction","target":["https:\/\/www.yampi.com.br\/blog\/feira-do-empreendedor-sebrae-2024\/"]}]},{"@type":"ImageObject","inLanguage":"pt-BR","@id":"https:\/\/www.yampi.com.br\/blog\/feira-do-empreendedor-sebrae-2024\/#primaryimage","url":"https:\/\/www.yampi.com.br\/blog\/wp-content\/uploads\/2024\/10\/Feira-do-Empreendedor-2024.png","contentUrl":"https:\/\/www.yampi.com.br\/blog\/wp-content\/uploads\/2024\/10\/Feira-do-Empreendedor-2024.png","width":920,"height":480,"caption":"Feira do Empreendedor 2024"},{"@type":"BreadcrumbList","@id":"https:\/\/www.yampi.com.br\/blog\/feira-do-empreendedor-sebrae-2024\/#breadcrumb","itemListElement":[{"@type":"ListItem","position":1,"name":"Blog","item":"https:\/\/www.yampi.com.br\/blog\/"},{"@type":"ListItem","position":2,"name":"Marketing digital","item":"https:\/\/www.yampi.com.br\/blog\/category\/marketing-digital\/"},{"@type":"ListItem","position":3,"name":"Eventos","item":"https:\/\/www.yampi.com.br\/blog\/category\/marketing-digital\/eventos\/"},{"@type":"ListItem","position":4,"name":"Feira do Empreendedor Sebrae 2024: confira participa\u00e7\u00e3o da Yampi no evento"}]},{"@type":"WebSite","@id":"https:\/\/www.yampi.com.br\/blog\/#website","url":"https:\/\/www.yampi.com.br\/blog\/","name":"Blog da Yampi","description":"Conte\u00fado sobre e-commerce","publisher":{"@id":"https:\/\/www.yampi.com.br\/blog\/#organization"},"potentialAction":[{"@type":"SearchAction","target":{"@type":"EntryPoint","urlTemplate":"https:\/\/www.yampi.com.br\/blog\/?s={search_term_string}"},"query-input":{"@type":"PropertyValueSpecification","valueRequired":true,"valueName":"search_term_string"}}],"inLanguage":"pt-BR"},{"@type":"Organization","@id":"https:\/\/www.yampi.com.br\/blog\/#organization","name":"Yampi","url":"https:\/\/www.yampi.com.br\/blog\/","logo":{"@type":"ImageObject","inLanguage":"pt-BR","@id":"https:\/\/www.yampi.com.br\/blog\/#\/schema\/logo\/image\/","url":"https:\/\/www.yampi.com.br\/blog\/wp-content\/uploads\/2022\/06\/cropped-favicon.png","contentUrl":"https:\/\/www.yampi.com.br\/blog\/wp-content\/uploads\/2022\/06\/cropped-favicon.png","width":512,"height":512,"caption":"Yampi"},"image":{"@id":"https:\/\/www.yampi.com.br\/blog\/#\/schema\/logo\/image\/"},"sameAs":["https:\/\/www.facebook.com\/somosyampi","https:\/\/www.instagram.com\/somosyampi","https:\/\/www.linkedin.com\/company\/somosyampi","https:\/\/www.youtube.com\/channel\/UCDfDYNkud7PL9N2TDnD4Mtg","https:\/\/yampi.gupy.io\/"]},{"@type":"Person","@id":"https:\/\/www.yampi.com.br\/blog\/#\/schema\/person\/12aea21d8fe01130d4f12218dabcd930","name":"Marina Montenegro","image":{"@type":"ImageObject","inLanguage":"pt-BR","@id":"https:\/\/www.yampi.com.br\/blog\/#\/schema\/person\/image\/","url":"https:\/\/secure.gravatar.com\/avatar\/71d8bdd8edd2eb6b18670a6cd99e337aaeef5879924a4ac7be7f401826479eb1?s=96&d=mm&r=g","contentUrl":"https:\/\/secure.gravatar.com\/avatar\/71d8bdd8edd2eb6b18670a6cd99e337aaeef5879924a4ac7be7f401826479eb1?s=96&d=mm&r=g","caption":"Marina Montenegro"},"url":"https:\/\/www.yampi.com.br\/blog\/author\/marina\/"}]}},"_links":{"self":[{"href":"https:\/\/www.yampi.com.br\/blog\/wp-json\/wp\/v2\/posts\/2869","targetHints":{"allow":["GET"]}}],"collection":[{"href":"https:\/\/www.yampi.com.br\/blog\/wp-json\/wp\/v2\/posts"}],"about":[{"href":"https:\/\/www.yampi.com.br\/blog\/wp-json\/wp\/v2\/types\/post"}],"author":[{"embeddable":true,"href":"https:\/\/www.yampi.com.br\/blog\/wp-json\/wp\/v2\/users\/11"}],"replies":[{"embeddable":true,"href":"https:\/\/www.yampi.com.br\/blog\/wp-json\/wp\/v2\/comments?post=2869"}],"version-history":[{"count":1,"href":"https:\/\/www.yampi.com.br\/blog\/wp-json\/wp\/v2\/posts\/2869\/revisions"}],"predecessor-version":[{"id":2871,"href":"https:\/\/www.yampi.com.br\/blog\/wp-json\/wp\/v2\/posts\/2869\/revisions\/2871"}],"wp:featuredmedia":[{"embeddable":true,"href":"https:\/\/www.yampi.com.br\/blog\/wp-json\/wp\/v2\/media\/3865"}],"wp:attachment":[{"href":"https:\/\/www.yampi.com.br\/blog\/wp-json\/wp\/v2\/media?parent=2869"}],"wp:term":[{"taxonomy":"category","embeddable":true,"href":"https:\/\/www.yampi.com.br\/blog\/wp-json\/wp\/v2\/categories?post=2869"},{"taxonomy":"post_tag","embeddable":true,"href":"https:\/\/www.yampi.com.br\/blog\/wp-json\/wp\/v2\/tags?post=2869"}],"curies":[{"name":"wp","href":"https:\/\/api.w.org\/{rel}","templated":true}]}}